{"id":3523,"date":"2021-11-16T17:40:12","date_gmt":"2021-11-16T14:40:12","guid":{"rendered":"http:\/\/guzel.av.tr\/?p=3523"},"modified":"2021-11-16T17:40:12","modified_gmt":"2021-11-16T14:40:12","slug":"competition-authority-lowers-the-market-share-threshold-determining-block-exemption-in-vertical-agreements","status":"publish","type":"post","link":"https:\/\/guzel.av.tr\/tr\/competition-authority-lowers-the-market-share-threshold-determining-block-exemption-in-vertical-agreements\/","title":{"rendered":"REKABET KURUMU D\u0130KEY ANLA\u015eMALARDA GRUP MUAF\u0130YET\u0130N\u0130 BEL\u0130RLEYEN PAZAR PAYI E\u015e\u0130\u011e\u0130N\u0130 \u0130ND\u0130RD\u0130"},"content":{"rendered":"<p><\/p>\n<p style=\"text-align: center;\"><strong>REKABET KURUMU D\u0130KEY ANLA\u015eMALARDA GRUP MUAF\u0130YET\u0130N\u0130 BEL\u0130RLEYEN PAZAR PAYI E\u015e\u0130\u011e\u0130N\u0130 \u0130ND\u0130RD\u0130<\/strong><\/p>\n<p>05.11.2021 tarihinde Dikey Anla\u015fmalara \u0130li\u015fkin Grup Muafiyeti Tebli\u011fi (Tebli\u011f No: 2002\/2)\u2019nde De\u011fi\u015fiklik Yap\u0131lmas\u0131na Dair Tebli\u011f (Tebli\u011f No: 2021\/4) 31650 say\u0131l\u0131 Resmi Gazete\u2019de yay\u0131mlanarak y\u00fcr\u00fcrl\u00fc\u011fe girmi\u015f ve beraberinde \u00f6nemli de\u011fi\u015fiklikler getirmi\u015ftir.<\/p>\n<p>S\u00f6z konusu tebli\u011f kapsam\u0131nda, \u00fcretim veya da\u011f\u0131t\u0131m zincirinin farkl\u0131 seviyelerinde faaliyet g\u00f6steren iki ya da daha fazla te\u015febb\u00fcs aras\u0131nda belirli mal veya hizmetlerin al\u0131m\u0131, sat\u0131m\u0131 veya yeniden sat\u0131m\u0131 amac\u0131yla yap\u0131lan anla\u015fmalar -dikey anla\u015fmalar- bu tebli\u011fde belirtilen \u015fartlar\u0131 ta\u015f\u0131malar\u0131 \u015fart\u0131yla 4054 say\u0131l\u0131 Rekabetin Korunmas\u0131 Hakk\u0131ndaki Kanunun 4. maddesindeki yasaktan muaf tutulmu\u015ftur. <strong>Tebli\u011fde yap\u0131lan de\u011fi\u015fiklikle grup muafiyeti kapsam\u0131na dahil olmak i\u00e7in aranan pazar pay\u0131 e\u015fi\u011fi %40\u2019dan %30\u2019a indirilmi\u015ftir.<\/strong> Sa\u011flay\u0131c\u0131n\u0131n dikey anla\u015fma konusu mal veya hizmeti sa\u011flad\u0131\u011f\u0131 pazardaki pazar pay\u0131n\u0131n %30\u2019u a\u015fmamas\u0131 gerekmektedir. Ayr\u0131ca, tek al\u0131c\u0131ya sa\u011flama y\u00fck\u00fcml\u00fcl\u00fc\u011f\u00fc i\u00e7eren dikey anla\u015fmalar a\u00e7\u0131s\u0131ndan da muafiyet, eski d\u00fczenlemedeki %40 e\u015fi\u011finden farkl\u0131 olarak, al\u0131c\u0131n\u0131n dikey anla\u015fma konusu mallar\u0131 ve hizmetleri ald\u0131\u011f\u0131 ilgili pazardaki pay\u0131n\u0131n %30\u2019u ge\u00e7medi\u011fi s\u00fcrece uygulanacakt\u0131r.<\/p>\n<p>Yap\u0131lan bu de\u011fi\u015fiklik Avrupa Birli\u011fi d\u00fczenlemeleriyle de uyum te\u015fkil etmektedir. Avrupa Birli\u011fi Komisyonunun 20 Nisan 2010 tarihli 330\/2010 say\u0131l\u0131 grup muafiyeti t\u00fcz\u00fc\u011f\u00fc ile dikey anla\u015fmalarda grup muafiyeti i\u00e7in aranan pazar pay\u0131 e\u015fi\u011fi %40\u2019tan %30\u2019a indirilmi\u015ftir.<\/p>\n<p style=\"padding-left: 40px;\"><strong>1. Bu De\u011fi\u015fiklik Ne Anlama Geliyor?<\/strong><\/p>\n<p>Rekabetin Korunmas\u0131 Hakk\u0131ndaki kanunun 4. maddesi rekabeti s\u0131n\u0131rlay\u0131c\u0131 anla\u015fma, uyumlu eylem ve kararlar\u0131 yasaklamaktad\u0131r. Kanunun 5. \u00a0maddesi ise, 4. maddedeki kurala istisna getiren muafiyet \u015fartlar\u0131n\u0131 belirlemektedir. \u0130lgili pazardaki pay\u0131 tebli\u011fde belirtilen s\u0131n\u0131rlar i\u00e7erisinde olan te\u015febb\u00fcsler 5. maddenin 3. f\u0131kras\u0131ndaki ilgili piyasan\u0131n \u00f6nemli bir b\u00f6l\u00fcm\u00fcnde rekabetin ortadan kalkmamas\u0131 \u015fart\u0131na dayan\u0131larak grup olarak muaf tutulmu\u015flard\u0131r.<\/p>\n<p>2021\/4 Numaral\u0131 tebli\u011f ile dikey anla\u015fmalarda grup muafiyeti kapsam\u0131n\u0131 daralt\u0131lm\u0131\u015f ve ilgili pazardaki pay\u0131 %30 ila %40 aras\u0131nda olan te\u015febb\u00fcsler tebli\u011fin kapsam\u0131 d\u0131\u015f\u0131nda b\u0131rak\u0131lm\u0131\u015flard\u0131r. D\u00fczenlemenin tebli\u011fin yay\u0131mlad\u0131\u011f\u0131 tarihi takiben 6 ay i\u00e7inde y\u00fcr\u00fcrl\u00fc\u011fe girmesi ile pazar pay\u0131 %30 ila %40 aras\u0131nda olan te\u015febb\u00fcsler dikey anla\u015fmalar a\u00e7\u0131s\u0131ndan kendilerine tan\u0131nan g\u00fcvenceyi kaybedeceklerdir. <strong>De\u011fi\u015fiklik yapan tebli\u011fin yay\u0131mlanmas\u0131ndan 6 ay sonra, grup muafiyetine ili\u015fkin yeni d\u00fczenlemelerin y\u00fcr\u00fcrl\u00fc\u011fe girmesiyle pazar pay\u0131 %30-40 aras\u0131nda olan te\u015febb\u00fcsler grup muafiyetinden yararlanabilmek i\u00e7in 4054 say\u0131l\u0131 Rekabetin Korunmas\u0131 Hakk\u0131nda Kanunun 5. Maddesindeki \u015fartlara uymak zorunda olacaklard\u0131r.<\/strong><\/p>\n<p>Ancak pazar pay\u0131 ba\u015flang\u0131\u00e7ta %30\u2019dan fazla olmay\u0131p daha sonra %35\u2019i as\u0327mayacak s\u0327ekilde es\u0327ig\u0306in u\u0308zerine c\u0327\u0131karsa muafiyet, pazar pay\u0131 es\u0327ig\u0306inin ilk as\u0327\u0131ld\u0131g\u0306\u0131 y\u0131l\u0131 takip eden sonraki iki y\u0131l boyunca da gec\u0327erli olmaya devam edecektir. Pazar pay\u0131 bas\u0327lang\u0131c\u0327ta %30\u2019dan fazla olmay\u0131p daha sonra %35\u2019in u\u0308zerine \u00e7\u0131kanlar a\u00e7\u0131s\u0131nda ise muafiyet, pazar pay\u0131 es\u0327ig\u0306inin ilk as\u0327\u0131ld\u0131g\u0306\u0131 y\u0131l\u0131 takip eden y\u0131l boyunca gec\u0327erli olmaya devam edecektir.<\/p>\n<p style=\"text-align: left; padding-left: 40px;\"><strong>2. De\u011fi\u015fiklikten Etkilenenler Ne Yapmal\u0131?<\/strong><\/p>\n<p>Yukar\u0131da say\u0131lan \u015fartlar\u0131 sa\u011flamayan %30 ile %40 aras\u0131nda pazar pay\u0131na sahip olan te\u015febb\u00fcsler ise kendilerini bireysel muafiyet \u015fartlar\u0131 ile uyumlu hale getirmedikleri taktirde 4054 say\u0131l\u0131 Rekabetin Korunmas\u0131 Hakk\u0131ndaki Kanunun 4. maddesini ihlal etmi\u015f say\u0131lacaklard\u0131r. Bu nedenle <strong><u>tebli\u011fin yay\u0131nland\u0131\u011f\u0131 tarihten 6 ay sonras\u0131na yani 5 May\u0131s 2022<\/u><\/strong> <strong><u>tarihine kadar bireysel muafiyet de\u011ferlendirilmesi yap\u0131larak \u015fartlara uygunlu\u011fun sa\u011flanmas\u0131 gerekmektedir.<\/u><\/strong><\/p>\n<p><strong>De\u011fi\u015fiklikten etkilenen te\u015febb\u00fcsler kendileri bireysel muafiyet de\u011ferlendirmesi yapabilecekleri gibi Rekabet Kurumu\u2019na bireysel olarak muafiyet karar\u0131 ba\u015fvurusunda da bulunabileceklerdir. <\/strong>Rekabet Kurumu taraf\u0131ndan yap\u0131lacak bireysel muafiyet incelemelerinde muafiyet verilmemesi ihtimaline binaen, getirilen k\u0131s\u0131tlamalar konusunda dikkatli olunmas\u0131 gerekmektedir. Rekabet Kurumu son d\u00f6nem bireysel muafiyet kararlar\u0131nda \u00f6zellikle olu\u015facak etkinli\u011fin varl\u0131\u011f\u0131n\u0131n ispatlanmas\u0131 ve bu etkinli\u011fin getirilen k\u0131s\u0131tlama ile sa\u011flanmas\u0131na \u00f6nem vermekte, bunu sa\u011flamayan k\u0131s\u0131tlamalara muafiyet tan\u0131mamaktad\u0131r. Grup muafiyeti e\u015fi\u011finin alt\u0131nda kalan te\u015febb\u00fcslerin dikey anla\u015fmalar\u0131n\u0131n rekabet hukukuna uyumuna dikkat etmeleri, teredd\u00fctl\u00fc durumlarda ise bireysel muafiyet ba\u015fvurusu imkan\u0131 var iken bunu de\u011ferlendirmeleri beklenmektedir. Bu nedenle tebli\u011fde yap\u0131lan de\u011fi\u015fikli\u011fin Kuruma yap\u0131lan bireysel muafiyet ba\u015fvurular\u0131n\u0131 art\u0131raca\u011f\u0131 ve dikey anla\u015fmalar i\u00e7in Rekabetin Korunmas\u0131 Hakk\u0131ndaki kanunun 4. maddesinin uygulamadaki rol\u00fcn\u00fcn artaca\u011f\u0131 \u00f6ng\u00f6r\u00fclmektedir.<\/p>\n<p style=\"padding-left: 40px;\"><strong>\u00a03. <\/strong><strong>Sonu\u00e7<\/strong><\/p>\n<p>Rekabet Kurumu dikey anla\u015fmalarda grup muafiyetini belirleyen pazar pay\u0131 e\u015fi\u011fini d\u00fc\u015f\u00fcrm\u00fc\u015ft\u00fcr. Bu tebli\u011fin getirdi\u011fi de\u011fi\u015fiklikle, <strong><u>dikey anla\u015fmalar a\u00e7\u0131s\u0131ndan grup muafiyetinden yaralanabilmek i\u00e7in sa\u011flay\u0131c\u0131n\u0131n ilgili pazardaki pay\u0131n\u0131n %30\u2019u ge\u00e7memesi gerekmektedir. Yeni tebli\u011f ile muafiyet kapsam\u0131n\u0131n d\u0131\u015f\u0131nda kalan te\u015febb\u00fcsler 6 ay i\u00e7inde kendi bireysel muafiyet de\u011ferlendirmelerini yap\u0131p mevzuata g\u00f6re muafiyet kapsam\u0131nda kald\u0131klar\u0131ndan emin olabilecekleri gibi Kuruma<span style=\"font-weight: normal !msorm;\"> bireysel<\/span> muafiyet karar\u0131 alma ba\u015fvurusunda da bulunabileceklerdir<\/u><\/strong>. Beklenmedik ihlal iddialar\u0131 ve soru\u015fturmalarla kar\u015f\u0131la\u015fmamak i\u00e7in te\u015febb\u00fcslerin muafiyet de\u011ferlendirmelerini dikkatli yapmalar\u0131, teredd\u00fctl\u00fc durumlarda ise uygulamaya devam etmeksizin Rekabet Kurumu\u2019na muafiyet ba\u015fvurusunda bulunmalar\u0131 \u00f6nerilmektedir.<\/p>\n<p><strong>KAYNAK\u00c7A<\/strong><\/p>\n<p>Dikey Anla\u015fmalara \u0130li\u015fkin Grup Muafiyeti Tebli\u011fi, (2002).<\/p>\n<p>Dikey Anla\u015fmalara \u0130li\u015fkin Grup Muafiyeti Tebli\u011fi\u2019nde De\u011fi\u015fiklik Yap\u0131lmas\u0131na Dair Tebli\u011f, (2021).<\/p>\n<p><strong>\u00a0<\/strong><\/p>","protected":false},"excerpt":{"rendered":"<p>REKABET KURUMU D\u0130KEY ANLA\u015eMALARDA GRUP MUAF\u0130YET\u0130N\u0130 BEL\u0130RLEYEN PAZAR PAYI E\u015e\u0130\u011e\u0130N\u0130 \u0130ND\u0130RD\u0130 05.11.2021 tarihinde Dikey Anla\u015fmalara \u0130li\u015fkin Grup Muafiyeti Tebli\u011fi (Tebli\u011f No: 2002\/2)\u2019nde De\u011fi\u015fiklik Yap\u0131lmas\u0131na Dair Tebli\u011f (Tebli\u011f No: 2021\/4) 31650 say\u0131l\u0131 Resmi Gazete\u2019de yay\u0131mlanarak y\u00fcr\u00fcrl\u00fc\u011fe girmi\u015f ve beraberinde \u00f6nemli de\u011fi\u015fiklikler getirmi\u015ftir. S\u00f6z konusu tebli\u011f kapsam\u0131nda, \u00fcretim veya da\u011f\u0131t\u0131m zincirinin farkl\u0131 seviyelerinde faaliyet g\u00f6steren iki ya [&hellip;]<\/p>\n","protected":false},"author":1,"featured_media":3524,"comment_status":"open","ping_status":"open","sticky":false,"template":"","format":"standard","meta":{"footnotes":""},"categories":[1],"tags":[],"class_list":["post-3523","post","type-post","status-publish","format-standard","has-post-thumbnail","hentry","category-blog"],"_links":{"self":[{"href":"https:\/\/guzel.av.tr\/tr\/wp-json\/wp\/v2\/posts\/3523","targetHints":{"allow":["GET"]}}],"collection":[{"href":"https:\/\/guzel.av.tr\/tr\/wp-json\/wp\/v2\/posts"}],"about":[{"href":"https:\/\/guzel.av.tr\/tr\/wp-json\/wp\/v2\/types\/post"}],"author":[{"embeddable":true,"href":"https:\/\/guzel.av.tr\/tr\/wp-json\/wp\/v2\/users\/1"}],"replies":[{"embeddable":true,"href":"https:\/\/guzel.av.tr\/tr\/wp-json\/wp\/v2\/comments?post=3523"}],"version-history":[{"count":1,"href":"https:\/\/guzel.av.tr\/tr\/wp-json\/wp\/v2\/posts\/3523\/revisions"}],"predecessor-version":[{"id":3525,"href":"https:\/\/guzel.av.tr\/tr\/wp-json\/wp\/v2\/posts\/3523\/revisions\/3525"}],"wp:featuredmedia":[{"embeddable":true,"href":"https:\/\/guzel.av.tr\/tr\/wp-json\/wp\/v2\/media\/3524"}],"wp:attachment":[{"href":"https:\/\/guzel.av.tr\/tr\/wp-json\/wp\/v2\/media?parent=3523"}],"wp:term":[{"taxonomy":"category","embeddable":true,"href":"https:\/\/guzel.av.tr\/tr\/wp-json\/wp\/v2\/categories?post=3523"},{"taxonomy":"post_tag","embeddable":true,"href":"https:\/\/guzel.av.tr\/tr\/wp-json\/wp\/v2\/tags?post=3523"}],"curies":[{"name":"wp","href":"https:\/\/api.w.org\/{rel}","templated":true}]}}